{"id":171168,"date":"2026-09-01T17:17:04","date_gmt":"2026-09-01T15:17:04","guid":{"rendered":"https:\/\/aleasoft.com\/?p=171168"},"modified":"2026-09-02T13:58:05","modified_gmt":"2026-09-02T11:58:05","slug":"precos-eletricos-europa-agosto-gas-maximos-solar","status":"publish","type":"post","link":"https:\/\/aleasoft.com\/pt\/precos-eletricos-europa-agosto-gas-maximos-solar\/","title":{"rendered":"<div style=\"text-align: center;background-color: #004A9B;color: white;\">An\u00e1lise de agosto <\/br> 2026<\/div><br> Os pre\u00e7os subiram em todos os mercados europeus de eletricidade em agosto, impulsionados pelo g\u00e1s, enquanto a energia solar atingiu m\u00e1ximos nesse m\u00eas"},"content":{"rendered":"<p><strong>AleaSoft Energy Forecasting, 1 de setembro de 2026. Em agosto de 2026, os pre\u00e7os mensais subiram em todos os principais mercados el\u00e9tricos europeus. A subida dos pre\u00e7os do g\u00e1s e das licen\u00e7as de emiss\u00e3o de CO<sub>2<\/sub>, juntamente com a descida mensal da produ\u00e7\u00e3o solar e a menor produ\u00e7\u00e3o e\u00f3lica na maioria dos mercados, impulsionou esta tend\u00eancia. Ainda assim, a produ\u00e7\u00e3o solar fotovoltaica atingiu m\u00e1ximos hist\u00f3ricos para um m\u00eas de agosto em todos os mercados analisados, enquanto a Alemanha e a Fran\u00e7a bateram recordes mensais de produ\u00e7\u00e3o e\u00f3lica.<\/strong><\/p>\n<p>Em agosto de 2026, os pre\u00e7os m\u00e9dios mensais subiram em todos os principais <strong>mercados el\u00e9tricos europeus<\/strong>. A It\u00e1lia registou o pre\u00e7o mais elevado, seguida da Gr\u00e3-Bretanha, enquanto o mercado n\u00f3rdico apresentou a m\u00e9dia mais baixa.<\/p>\n<p>Em compara\u00e7\u00e3o com julho, os pre\u00e7os subiram em todos os mercados analisados. O mercado n\u00f3rdico registou a maior subida, seguido do mercado franc\u00eas.<\/p>\n<p>Em rela\u00e7\u00e3o a agosto de 2025, os pre\u00e7os tamb\u00e9m subiram em todos os mercados. A Fran\u00e7a e o mercado n\u00f3rdico registaram as maiores subidas hom\u00f3logas. A It\u00e1lia atingiu a m\u00e9dia mais elevada desde janeiro de 2023, enquanto a B\u00e9lgica, a Gr\u00e3-Bretanha, a Espanha, a Fran\u00e7a e Portugal registaram os pre\u00e7os mais elevados desde mar\u00e7o de 2023.<\/p>\n<div style='margin-top: 20px;margin-bottom: 20px;'><a title='AleaSoft - Precos mensais mercados eletricos Europa' href='https:\/\/aleasoft.com\/wp-content\/uploads\/2026\/09\/20260901-AleaSoft-Monthly-electricity-market-prices-Europe.png'><img class='aligncenter' src='https:\/\/aleasoft.com\/wp-content\/uploads\/2026\/09\/20260901-AleaSoft-Monthly-electricity-market-prices-Europe.png' alt='AleaSoft - Precos mensais mercados eletricos Europa' width='740'\/><\/a><span style='font-size: small;'>Fonte: Elaborado pela AleaSoft Energy Forecasting com dados da OMIE, RTE, Nord Pool e GME.<\/span><\/div>\n<p>A <strong>produ\u00e7\u00e3o solar fotovoltaica<\/strong> aumentou em termos hom\u00f3logos na Alemanha, Espanha, Fran\u00e7a, It\u00e1lia e Portugal. Embora tenha diminu\u00eddo em rela\u00e7\u00e3o a julho, atingiu m\u00e1ximos hist\u00f3ricos para um m\u00eas de agosto em todos os mercados analisados.<\/p>\n<p>A <strong>produ\u00e7\u00e3o e\u00f3lica<\/strong> aumentou em termos hom\u00f3logos na Alemanha e em Fran\u00e7a, enquanto diminuiu em It\u00e1lia, Espanha e Portugal. A Alemanha e a Fran\u00e7a atingiram m\u00e1ximos hist\u00f3ricos de produ\u00e7\u00e3o e\u00f3lica para um m\u00eas de agosto.<\/p>\n<p>A <strong>procura de eletricidade<\/strong> aumentou em termos hom\u00f3logos na maioria dos mercados europeus. A It\u00e1lia e Portugal atingiram m\u00e1ximos hist\u00f3ricos para um m\u00eas de agosto.<\/p>\n<p>Os futuros de <strong>g\u00e1s TTF<\/strong> para o Front Month no <strong>mercado ICE<\/strong> atingiram uma m\u00e9dia de \u20ac62.14\/MWh, mais 15% do que em julho e mais 90% do que em agosto de 2025. Foi a m\u00e9dia mais elevada desde fevereiro de 2023. Os baixos n\u00edveis das reservas europeias de g\u00e1s e as tens\u00f5es no estreito de Ormuz fizeram subir os pre\u00e7os.<\/p>\n<p>Os futuros de <strong>licen\u00e7as de emiss\u00e3o de CO\u2082<\/strong> no <strong>mercado EEX<\/strong> para dezembro de 2026 atingiram uma m\u00e9dia de \u20ac82.37\/t, mais 1.4% do que em julho e mais 12% do que em agosto de 2025. A m\u00e9dia mensal foi a mais elevada desde fevereiro de 2026.<\/p>\n<p>Os futuros de <strong>petr\u00f3leo bruto Brent<\/strong> para o contrato Front-Month no mercado ICE registaram uma m\u00e9dia de $88.08\/bbl, mais 4.9% do que em julho e mais 31% do que em agosto de 2025. As tens\u00f5es entre os Estados Unidos e o Ir\u00e3o e as perturba\u00e7\u00f5es no tr\u00e1fego de petroleiros atrav\u00e9s do estreito de Ormuz favoreceram a subida dos pre\u00e7os.<\/p>\n<p><strong><a href=\"https:\/\/aleasoft.com\/markets-report\/\">Solicitar o relat\u00f3rio completo<\/a><\/strong><\/p>\n","protected":false},"excerpt":{"rendered":"<p>AleaSoft Energy Forecasting, 1 de setembro de 2026. Em agosto de 2026, os pre\u00e7os mensais subiram em todos os principais mercados el\u00e9tricos europeus. A subida dos pre\u00e7os do g\u00e1s e das licen\u00e7as de emiss\u00e3o de CO2, juntamente com a descida mensal da produ\u00e7\u00e3o solar e a menor produ\u00e7\u00e3o e\u00f3lica na maioria dos mercados, impulsionou esta [&hellip;]<\/p>\n","protected":false},"author":5,"featured_media":171160,"comment_status":"closed","ping_status":"closed","sticky":false,"template":"","format":"standard","meta":{"footnotes":""},"categories":[7619,7514],"tags":[],"class_list":["post-171168","post","type-post","status-publish","format-standard","has-post-thumbnail","hentry","category-analise-mensal","category-noticias"],"yoast_head":"<!-- This site is optimized with the Yoast SEO Premium plugin v28.4 (Yoast SEO v28.4) - https:\/\/yoast.com\/product\/yoast-seo-premium-wordpress\/ -->\n<title>An\u00e1lise de agosto  2026 Os pre\u00e7os subiram em todos os mercados europeus de eletricidade em agosto, impulsionados pelo g\u00e1s, enquanto a energia solar atingiu m\u00e1ximos nesse m\u00eas - AleaSoft Energy Forecasting<\/title>\n<meta name=\"description\" content=\"Os pre\u00e7os el\u00e9tricos europeus subiram em todos os principais mercados em agosto de 2026, impulsionados pelo g\u00e1s, enquanto a solar atingiu m\u00e1ximos.\" \/>\n<meta name=\"robots\" content=\"index, follow, max-snippet:-1, max-image-preview:large, max-video-preview:-1\" \/>\n<link rel=\"canonical\" href=\"https:\/\/aleasoft.com\/pt\/precos-eletricos-europa-agosto-gas-maximos-solar\/\" \/>\n<meta property=\"og:locale\" content=\"pt_PT\" \/>\n<meta property=\"og:type\" content=\"article\" \/>\n<meta property=\"og:title\" content=\"An\u00e1lise de agosto  2026 Os pre\u00e7os subiram em todos os mercados europeus de eletricidade em agosto, impulsionados pelo g\u00e1s, enquanto a energia solar atingiu m\u00e1ximos nesse m\u00eas\" \/>\n<meta property=\"og:description\" content=\"Os pre\u00e7os el\u00e9tricos europeus subiram em todos os principais mercados em agosto de 2026, impulsionados pelo g\u00e1s, enquanto a solar atingiu m\u00e1ximos.\" \/>\n<meta property=\"og:url\" content=\"https:\/\/aleasoft.com\/pt\/precos-eletricos-europa-agosto-gas-maximos-solar\/\" \/>\n<meta property=\"og:site_name\" content=\"AleaSoft Energy Forecasting\" \/>\n<meta property=\"article:publisher\" content=\"https:\/\/www.facebook.com\/AleaSoft\/\" \/>\n<meta property=\"article:published_time\" content=\"2026-09-01T15:17:04+00:00\" \/>\n<meta property=\"article:modified_time\" content=\"2026-09-02T11:58:05+00:00\" \/>\n<meta property=\"og:image\" content=\"https:\/\/aleasoft.com\/wp-content\/uploads\/2026\/09\/20260901-AleaSoft-Monthly-electricity-market-prices-Europe-scaled.png\" \/>\n\t<meta property=\"og:image:width\" content=\"2048\" \/>\n\t<meta property=\"og:image:height\" content=\"1420\" \/>\n\t<meta property=\"og:image:type\" content=\"image\/png\" \/>\n<meta name=\"author\" content=\"AleaSoft Energy Forecasting\" \/>\n<meta name=\"twitter:card\" content=\"summary_large_image\" \/>\n<meta name=\"twitter:creator\" content=\"@AleaSoftEnergy\" \/>\n<meta name=\"twitter:site\" content=\"@AleaSoftEnergy\" \/>\n<meta name=\"twitter:label1\" content=\"Escrito por\" \/>\n\t<meta name=\"twitter:data1\" content=\"AleaSoft Energy Forecasting\" \/>\n\t<meta name=\"twitter:label2\" content=\"Tempo estimado de leitura\" \/>\n\t<meta name=\"twitter:data2\" content=\"3 minutos\" \/>\n<script type=\"application\/ld+json\" class=\"yoast-schema-graph\">{\"@context\":\"https:\\\/\\\/schema.org\",\"@graph\":[{\"@type\":\"Article\",\"@id\":\"https:\\\/\\\/aleasoft.com\\\/pt\\\/precos-eletricos-europa-agosto-gas-maximos-solar\\\/#article\",\"isPartOf\":{\"@id\":\"https:\\\/\\\/aleasoft.com\\\/pt\\\/precos-eletricos-europa-agosto-gas-maximos-solar\\\/\"},\"author\":{\"name\":\"AleaSoft Energy Forecasting\",\"@id\":\"https:\\\/\\\/aleasoft.com\\\/pt\\\/#\\\/schema\\\/person\\\/a04e0c08213b14a8b93a577183bdeaf0\"},\"headline\":\"An\u00e1lise de agosto 2026 Os pre\u00e7os subiram em todos os mercados europeus de eletricidade em agosto, impulsionados pelo g\u00e1s, enquanto a energia solar atingiu m\u00e1ximos nesse m\u00eas\",\"datePublished\":\"2026-09-01T15:17:04+00:00\",\"dateModified\":\"2026-09-02T11:58:05+00:00\",\"mainEntityOfPage\":{\"@id\":\"https:\\\/\\\/aleasoft.com\\\/pt\\\/precos-eletricos-europa-agosto-gas-maximos-solar\\\/\"},\"wordCount\":591,\"publisher\":{\"@id\":\"https:\\\/\\\/aleasoft.com\\\/pt\\\/#organization\"},\"image\":{\"@id\":\"https:\\\/\\\/aleasoft.com\\\/pt\\\/precos-eletricos-europa-agosto-gas-maximos-solar\\\/#primaryimage\"},\"thumbnailUrl\":\"https:\\\/\\\/aleasoft.com\\\/wp-content\\\/uploads\\\/2026\\\/09\\\/20260901-AleaSoft-Monthly-electricity-market-prices-Europe-scaled.png\",\"articleSection\":[\"An\u00e1lise mensal\",\"Not\u00edcias\"],\"inLanguage\":\"pt-PT\"},{\"@type\":\"WebPage\",\"@id\":\"https:\\\/\\\/aleasoft.com\\\/pt\\\/precos-eletricos-europa-agosto-gas-maximos-solar\\\/\",\"url\":\"https:\\\/\\\/aleasoft.com\\\/pt\\\/precos-eletricos-europa-agosto-gas-maximos-solar\\\/\",\"name\":\"An\u00e1lise de agosto 2026 Os pre\u00e7os subiram em todos os mercados europeus de eletricidade em agosto, impulsionados pelo g\u00e1s, enquanto a energia solar atingiu m\u00e1ximos nesse m\u00eas - AleaSoft Energy Forecasting\",\"isPartOf\":{\"@id\":\"https:\\\/\\\/aleasoft.com\\\/pt\\\/#website\"},\"primaryImageOfPage\":{\"@id\":\"https:\\\/\\\/aleasoft.com\\\/pt\\\/precos-eletricos-europa-agosto-gas-maximos-solar\\\/#primaryimage\"},\"image\":{\"@id\":\"https:\\\/\\\/aleasoft.com\\\/pt\\\/precos-eletricos-europa-agosto-gas-maximos-solar\\\/#primaryimage\"},\"thumbnailUrl\":\"https:\\\/\\\/aleasoft.com\\\/wp-content\\\/uploads\\\/2026\\\/09\\\/20260901-AleaSoft-Monthly-electricity-market-prices-Europe-scaled.png\",\"datePublished\":\"2026-09-01T15:17:04+00:00\",\"dateModified\":\"2026-09-02T11:58:05+00:00\",\"description\":\"Os pre\u00e7os el\u00e9tricos europeus subiram em todos os principais mercados em agosto de 2026, impulsionados pelo g\u00e1s, enquanto a solar atingiu m\u00e1ximos.\",\"breadcrumb\":{\"@id\":\"https:\\\/\\\/aleasoft.com\\\/pt\\\/precos-eletricos-europa-agosto-gas-maximos-solar\\\/#breadcrumb\"},\"inLanguage\":\"pt-PT\",\"potentialAction\":[{\"@type\":\"ReadAction\",\"target\":[\"https:\\\/\\\/aleasoft.com\\\/pt\\\/precos-eletricos-europa-agosto-gas-maximos-solar\\\/\"]}]},{\"@type\":\"ImageObject\",\"inLanguage\":\"pt-PT\",\"@id\":\"https:\\\/\\\/aleasoft.com\\\/pt\\\/precos-eletricos-europa-agosto-gas-maximos-solar\\\/#primaryimage\",\"url\":\"https:\\\/\\\/aleasoft.com\\\/wp-content\\\/uploads\\\/2026\\\/09\\\/20260901-AleaSoft-Monthly-electricity-market-prices-Europe-scaled.png\",\"contentUrl\":\"https:\\\/\\\/aleasoft.com\\\/wp-content\\\/uploads\\\/2026\\\/09\\\/20260901-AleaSoft-Monthly-electricity-market-prices-Europe-scaled.png\",\"width\":2048,\"height\":1420},{\"@type\":\"BreadcrumbList\",\"@id\":\"https:\\\/\\\/aleasoft.com\\\/pt\\\/precos-eletricos-europa-agosto-gas-maximos-solar\\\/#breadcrumb\",\"itemListElement\":[{\"@type\":\"ListItem\",\"position\":1,\"name\":\"Home\",\"item\":\"https:\\\/\\\/aleasoft.com\\\/pt\\\/\"},{\"@type\":\"ListItem\",\"position\":2,\"name\":\"An\u00e1lise de agosto 2026 Os pre\u00e7os subiram em todos os mercados europeus de eletricidade em agosto, impulsionados pelo g\u00e1s, enquanto a energia solar atingiu m\u00e1ximos nesse m\u00eas\"}]},{\"@type\":\"WebSite\",\"@id\":\"https:\\\/\\\/aleasoft.com\\\/pt\\\/#website\",\"url\":\"https:\\\/\\\/aleasoft.com\\\/pt\\\/\",\"name\":\"AleaSoft Energy Forecasting\",\"description\":\"Energy Forecasting\",\"publisher\":{\"@id\":\"https:\\\/\\\/aleasoft.com\\\/pt\\\/#organization\"},\"potentialAction\":[{\"@type\":\"SearchAction\",\"target\":{\"@type\":\"EntryPoint\",\"urlTemplate\":\"https:\\\/\\\/aleasoft.com\\\/pt\\\/?s={search_term_string}\"},\"query-input\":{\"@type\":\"PropertyValueSpecification\",\"valueRequired\":true,\"valueName\":\"search_term_string\"}}],\"inLanguage\":\"pt-PT\"},{\"@type\":\"Organization\",\"@id\":\"https:\\\/\\\/aleasoft.com\\\/pt\\\/#organization\",\"name\":\"AleaSoft Energy Forecasting\",\"url\":\"https:\\\/\\\/aleasoft.com\\\/pt\\\/\",\"logo\":{\"@type\":\"ImageObject\",\"inLanguage\":\"pt-PT\",\"@id\":\"https:\\\/\\\/aleasoft.com\\\/pt\\\/#\\\/schema\\\/logo\\\/image\\\/\",\"url\":\"https:\\\/\\\/aleasoft.com\\\/wp-content\\\/uploads\\\/2020\\\/01\\\/logo-alea-25.svg\",\"contentUrl\":\"https:\\\/\\\/aleasoft.com\\\/wp-content\\\/uploads\\\/2020\\\/01\\\/logo-alea-25.svg\",\"width\":7047,\"height\":1416,\"caption\":\"AleaSoft Energy Forecasting\"},\"image\":{\"@id\":\"https:\\\/\\\/aleasoft.com\\\/pt\\\/#\\\/schema\\\/logo\\\/image\\\/\"},\"sameAs\":[\"https:\\\/\\\/www.facebook.com\\\/AleaSoft\\\/\",\"https:\\\/\\\/x.com\\\/AleaSoftEnergy\",\"https:\\\/\\\/www.linkedin.com\\\/company\\\/aleasoft\\\/\"]},{\"@type\":\"Person\",\"@id\":\"https:\\\/\\\/aleasoft.com\\\/pt\\\/#\\\/schema\\\/person\\\/a04e0c08213b14a8b93a577183bdeaf0\",\"name\":\"AleaSoft Energy Forecasting\",\"image\":{\"@type\":\"ImageObject\",\"inLanguage\":\"pt-PT\",\"@id\":\"https:\\\/\\\/secure.gravatar.com\\\/avatar\\\/ed06b57a5c50e4941e805c13a40b4f0c833747a8db3a9d8d16929cbf232e8e0a?s=96&d=mm&r=g\",\"url\":\"https:\\\/\\\/secure.gravatar.com\\\/avatar\\\/ed06b57a5c50e4941e805c13a40b4f0c833747a8db3a9d8d16929cbf232e8e0a?s=96&d=mm&r=g\",\"contentUrl\":\"https:\\\/\\\/secure.gravatar.com\\\/avatar\\\/ed06b57a5c50e4941e805c13a40b4f0c833747a8db3a9d8d16929cbf232e8e0a?s=96&d=mm&r=g\",\"caption\":\"AleaSoft Energy Forecasting\"},\"sameAs\":[\"http:\\\/\\\/aleasoft.com\"]}]}<\/script>\n<!-- \/ Yoast SEO Premium plugin. -->","yoast_head_json":{"title":"An\u00e1lise de agosto  2026 Os pre\u00e7os subiram em todos os mercados europeus de eletricidade em agosto, impulsionados pelo g\u00e1s, enquanto a energia solar atingiu m\u00e1ximos nesse m\u00eas - AleaSoft Energy Forecasting","description":"Os pre\u00e7os el\u00e9tricos europeus subiram em todos os principais mercados em agosto de 2026, impulsionados pelo g\u00e1s, enquanto a solar atingiu m\u00e1ximos.","robots":{"index":"index","follow":"follow","max-snippet":"max-snippet:-1","max-image-preview":"max-image-preview:large","max-video-preview":"max-video-preview:-1"},"canonical":"https:\/\/aleasoft.com\/pt\/precos-eletricos-europa-agosto-gas-maximos-solar\/","og_locale":"pt_PT","og_type":"article","og_title":"An\u00e1lise de agosto  2026 Os pre\u00e7os subiram em todos os mercados europeus de eletricidade em agosto, impulsionados pelo g\u00e1s, enquanto a energia solar atingiu m\u00e1ximos nesse m\u00eas","og_description":"Os pre\u00e7os el\u00e9tricos europeus subiram em todos os principais mercados em agosto de 2026, impulsionados pelo g\u00e1s, enquanto a solar atingiu m\u00e1ximos.","og_url":"https:\/\/aleasoft.com\/pt\/precos-eletricos-europa-agosto-gas-maximos-solar\/","og_site_name":"AleaSoft Energy Forecasting","article_publisher":"https:\/\/www.facebook.com\/AleaSoft\/","article_published_time":"2026-09-01T15:17:04+00:00","article_modified_time":"2026-09-02T11:58:05+00:00","og_image":[{"width":2048,"height":1420,"url":"https:\/\/aleasoft.com\/wp-content\/uploads\/2026\/09\/20260901-AleaSoft-Monthly-electricity-market-prices-Europe-scaled.png","type":"image\/png"}],"author":"AleaSoft Energy Forecasting","twitter_card":"summary_large_image","twitter_creator":"@AleaSoftEnergy","twitter_site":"@AleaSoftEnergy","twitter_misc":{"Escrito por":"AleaSoft Energy Forecasting","Tempo estimado de leitura":"3 minutos"},"schema":{"@context":"https:\/\/schema.org","@graph":[{"@type":"Article","@id":"https:\/\/aleasoft.com\/pt\/precos-eletricos-europa-agosto-gas-maximos-solar\/#article","isPartOf":{"@id":"https:\/\/aleasoft.com\/pt\/precos-eletricos-europa-agosto-gas-maximos-solar\/"},"author":{"name":"AleaSoft Energy Forecasting","@id":"https:\/\/aleasoft.com\/pt\/#\/schema\/person\/a04e0c08213b14a8b93a577183bdeaf0"},"headline":"An\u00e1lise de agosto 2026 Os pre\u00e7os subiram em todos os mercados europeus de eletricidade em agosto, impulsionados pelo g\u00e1s, enquanto a energia solar atingiu m\u00e1ximos nesse m\u00eas","datePublished":"2026-09-01T15:17:04+00:00","dateModified":"2026-09-02T11:58:05+00:00","mainEntityOfPage":{"@id":"https:\/\/aleasoft.com\/pt\/precos-eletricos-europa-agosto-gas-maximos-solar\/"},"wordCount":591,"publisher":{"@id":"https:\/\/aleasoft.com\/pt\/#organization"},"image":{"@id":"https:\/\/aleasoft.com\/pt\/precos-eletricos-europa-agosto-gas-maximos-solar\/#primaryimage"},"thumbnailUrl":"https:\/\/aleasoft.com\/wp-content\/uploads\/2026\/09\/20260901-AleaSoft-Monthly-electricity-market-prices-Europe-scaled.png","articleSection":["An\u00e1lise mensal","Not\u00edcias"],"inLanguage":"pt-PT"},{"@type":"WebPage","@id":"https:\/\/aleasoft.com\/pt\/precos-eletricos-europa-agosto-gas-maximos-solar\/","url":"https:\/\/aleasoft.com\/pt\/precos-eletricos-europa-agosto-gas-maximos-solar\/","name":"An\u00e1lise de agosto 2026 Os pre\u00e7os subiram em todos os mercados europeus de eletricidade em agosto, impulsionados pelo g\u00e1s, enquanto a energia solar atingiu m\u00e1ximos nesse m\u00eas - AleaSoft Energy Forecasting","isPartOf":{"@id":"https:\/\/aleasoft.com\/pt\/#website"},"primaryImageOfPage":{"@id":"https:\/\/aleasoft.com\/pt\/precos-eletricos-europa-agosto-gas-maximos-solar\/#primaryimage"},"image":{"@id":"https:\/\/aleasoft.com\/pt\/precos-eletricos-europa-agosto-gas-maximos-solar\/#primaryimage"},"thumbnailUrl":"https:\/\/aleasoft.com\/wp-content\/uploads\/2026\/09\/20260901-AleaSoft-Monthly-electricity-market-prices-Europe-scaled.png","datePublished":"2026-09-01T15:17:04+00:00","dateModified":"2026-09-02T11:58:05+00:00","description":"Os pre\u00e7os el\u00e9tricos europeus subiram em todos os principais mercados em agosto de 2026, impulsionados pelo g\u00e1s, enquanto a solar atingiu m\u00e1ximos.","breadcrumb":{"@id":"https:\/\/aleasoft.com\/pt\/precos-eletricos-europa-agosto-gas-maximos-solar\/#breadcrumb"},"inLanguage":"pt-PT","potentialAction":[{"@type":"ReadAction","target":["https:\/\/aleasoft.com\/pt\/precos-eletricos-europa-agosto-gas-maximos-solar\/"]}]},{"@type":"ImageObject","inLanguage":"pt-PT","@id":"https:\/\/aleasoft.com\/pt\/precos-eletricos-europa-agosto-gas-maximos-solar\/#primaryimage","url":"https:\/\/aleasoft.com\/wp-content\/uploads\/2026\/09\/20260901-AleaSoft-Monthly-electricity-market-prices-Europe-scaled.png","contentUrl":"https:\/\/aleasoft.com\/wp-content\/uploads\/2026\/09\/20260901-AleaSoft-Monthly-electricity-market-prices-Europe-scaled.png","width":2048,"height":1420},{"@type":"BreadcrumbList","@id":"https:\/\/aleasoft.com\/pt\/precos-eletricos-europa-agosto-gas-maximos-solar\/#breadcrumb","itemListElement":[{"@type":"ListItem","position":1,"name":"Home","item":"https:\/\/aleasoft.com\/pt\/"},{"@type":"ListItem","position":2,"name":"An\u00e1lise de agosto 2026 Os pre\u00e7os subiram em todos os mercados europeus de eletricidade em agosto, impulsionados pelo g\u00e1s, enquanto a energia solar atingiu m\u00e1ximos nesse m\u00eas"}]},{"@type":"WebSite","@id":"https:\/\/aleasoft.com\/pt\/#website","url":"https:\/\/aleasoft.com\/pt\/","name":"AleaSoft Energy Forecasting","description":"Energy Forecasting","publisher":{"@id":"https:\/\/aleasoft.com\/pt\/#organization"},"potentialAction":[{"@type":"SearchAction","target":{"@type":"EntryPoint","urlTemplate":"https:\/\/aleasoft.com\/pt\/?s={search_term_string}"},"query-input":{"@type":"PropertyValueSpecification","valueRequired":true,"valueName":"search_term_string"}}],"inLanguage":"pt-PT"},{"@type":"Organization","@id":"https:\/\/aleasoft.com\/pt\/#organization","name":"AleaSoft Energy Forecasting","url":"https:\/\/aleasoft.com\/pt\/","logo":{"@type":"ImageObject","inLanguage":"pt-PT","@id":"https:\/\/aleasoft.com\/pt\/#\/schema\/logo\/image\/","url":"https:\/\/aleasoft.com\/wp-content\/uploads\/2020\/01\/logo-alea-25.svg","contentUrl":"https:\/\/aleasoft.com\/wp-content\/uploads\/2020\/01\/logo-alea-25.svg","width":7047,"height":1416,"caption":"AleaSoft Energy Forecasting"},"image":{"@id":"https:\/\/aleasoft.com\/pt\/#\/schema\/logo\/image\/"},"sameAs":["https:\/\/www.facebook.com\/AleaSoft\/","https:\/\/x.com\/AleaSoftEnergy","https:\/\/www.linkedin.com\/company\/aleasoft\/"]},{"@type":"Person","@id":"https:\/\/aleasoft.com\/pt\/#\/schema\/person\/a04e0c08213b14a8b93a577183bdeaf0","name":"AleaSoft Energy Forecasting","image":{"@type":"ImageObject","inLanguage":"pt-PT","@id":"https:\/\/secure.gravatar.com\/avatar\/ed06b57a5c50e4941e805c13a40b4f0c833747a8db3a9d8d16929cbf232e8e0a?s=96&d=mm&r=g","url":"https:\/\/secure.gravatar.com\/avatar\/ed06b57a5c50e4941e805c13a40b4f0c833747a8db3a9d8d16929cbf232e8e0a?s=96&d=mm&r=g","contentUrl":"https:\/\/secure.gravatar.com\/avatar\/ed06b57a5c50e4941e805c13a40b4f0c833747a8db3a9d8d16929cbf232e8e0a?s=96&d=mm&r=g","caption":"AleaSoft Energy Forecasting"},"sameAs":["http:\/\/aleasoft.com"]}]}},"_links":{"self":[{"href":"https:\/\/aleasoft.com\/pt\/wp-json\/wp\/v2\/posts\/171168","targetHints":{"allow":["GET"]}}],"collection":[{"href":"https:\/\/aleasoft.com\/pt\/wp-json\/wp\/v2\/posts"}],"about":[{"href":"https:\/\/aleasoft.com\/pt\/wp-json\/wp\/v2\/types\/post"}],"author":[{"embeddable":true,"href":"https:\/\/aleasoft.com\/pt\/wp-json\/wp\/v2\/users\/5"}],"replies":[{"embeddable":true,"href":"https:\/\/aleasoft.com\/pt\/wp-json\/wp\/v2\/comments?post=171168"}],"version-history":[{"count":0,"href":"https:\/\/aleasoft.com\/pt\/wp-json\/wp\/v2\/posts\/171168\/revisions"}],"wp:featuredmedia":[{"embeddable":true,"href":"https:\/\/aleasoft.com\/pt\/wp-json\/wp\/v2\/media\/171160"}],"wp:attachment":[{"href":"https:\/\/aleasoft.com\/pt\/wp-json\/wp\/v2\/media?parent=171168"}],"wp:term":[{"taxonomy":"category","embeddable":true,"href":"https:\/\/aleasoft.com\/pt\/wp-json\/wp\/v2\/categories?post=171168"},{"taxonomy":"post_tag","embeddable":true,"href":"https:\/\/aleasoft.com\/pt\/wp-json\/wp\/v2\/tags?post=171168"}],"curies":[{"name":"wp","href":"https:\/\/api.w.org\/{rel}","templated":true}]}}